{"id":160,"date":"2026-02-25T15:21:35","date_gmt":"2026-02-25T21:21:35","guid":{"rendered":"https:\/\/www.essentialnutrition.com.mx\/?p=160"},"modified":"2026-02-25T15:21:36","modified_gmt":"2026-02-25T21:21:36","slug":"mas-alla-de-febrero-por-que-cuidar-tu-enfoque-mental-es-el-mayor-acto-de-amor-propio","status":"publish","type":"post","link":"https:\/\/www.essentialnutrition.com.mx\/?p=160","title":{"rendered":"M\u00e1s all\u00e1 de febrero: Por qu\u00e9 cuidar tu enfoque mental es el mayor acto de amor propio."},"content":{"rendered":"\n<p>Por Brenda O.<\/p>\n\n\n\n<figure class=\"wp-block-image size-large is-resized\"><img loading=\"lazy\" decoding=\"async\" width=\"1024\" height=\"1024\" src=\"https:\/\/www.essentialnutrition.com.mx\/wp-content\/uploads\/2026\/02\/blog-febrero-portada-1024x1024.png\" alt=\"\" class=\"wp-image-161\" style=\"width:650px;height:auto\" srcset=\"https:\/\/www.essentialnutrition.com.mx\/wp-content\/uploads\/2026\/02\/blog-febrero-portada-1024x1024.png 1024w, https:\/\/www.essentialnutrition.com.mx\/wp-content\/uploads\/2026\/02\/blog-febrero-portada-300x300.png 300w, https:\/\/www.essentialnutrition.com.mx\/wp-content\/uploads\/2026\/02\/blog-febrero-portada-150x150.png 150w, https:\/\/www.essentialnutrition.com.mx\/wp-content\/uploads\/2026\/02\/blog-febrero-portada-768x768.png 768w, https:\/\/www.essentialnutrition.com.mx\/wp-content\/uploads\/2026\/02\/blog-febrero-portada.png 1080w\" sizes=\"auto, (max-width: 709px) 85vw, (max-width: 909px) 67vw, (max-width: 1362px) 62vw, 840px\" \/><\/figure>\n\n\n\n<p>Nos encontramos a unos d\u00edas de terminar febrero, el mes del amor y la amistad, pero m\u00e1s all\u00e1 de el amor rom\u00e1ntico es buen momento para recordar el <strong>amor propio<\/strong> y preparar nuestra mente para la transici\u00f3n a marzo. Un mes que nos recibe con la primavera, oportunidades y nuevos comienzos.<\/p>\n\n\n\n<p>Recordemos que el amor propio no solo es decir qu\u00e9 tanto somos capaces de amarnos. El amor propio se traduce de igual manera en los actos y h\u00e1bitos que tenemos en nuestra rutina.<\/p>\n\n\n\n<p><strong>\u00bfTe ha pasado que quieres empezar a cuidar mejor de ti mismo, pero no sabes d\u00f3nde empezar o te cuesta mantener h\u00e1bitos?<\/strong> En este blog vamos a explorar c\u00f3mo el enfoque mental puede ser un gran punto de partida en el camino hacia tu bienestar y el autocuidado.<\/p>\n\n\n\n<p><\/p>\n\n\n\n<h2 class=\"wp-block-heading\"><strong>\u00bfQu\u00e9 es la niebla mental?<\/strong><\/h2>\n\n\n\n<p>Seguramente te ha pasado que cuando tratas de concentrarte en una tarea, recordar algo importante o prestar atenci\u00f3n, sientes como si tu mente estuviera nublada y no te permitiera pensar m\u00e1s all\u00e1. Esto es lo que se conoce como niebla mental y, de acuerdo con la Fundaci\u00f3n Americana del Cerebro, la niebla mental puede darse por muchas razones diferentes, incluyendo falta de sue\u00f1o de calidad, estr\u00e9s, ansiedad o depresi\u00f3n.<\/p>\n\n\n\n<div class=\"wp-block-media-text is-stacked-on-mobile\" style=\"grid-template-columns:41% auto\"><figure class=\"wp-block-media-text__media\"><img loading=\"lazy\" decoding=\"async\" width=\"683\" height=\"1024\" src=\"https:\/\/www.essentialnutrition.com.mx\/wp-content\/uploads\/2026\/02\/pexels-karola-g-5207366-2-683x1024.jpg\" alt=\"\" class=\"wp-image-166 size-full\" srcset=\"https:\/\/www.essentialnutrition.com.mx\/wp-content\/uploads\/2026\/02\/pexels-karola-g-5207366-2-683x1024.jpg 683w, https:\/\/www.essentialnutrition.com.mx\/wp-content\/uploads\/2026\/02\/pexels-karola-g-5207366-2-200x300.jpg 200w, https:\/\/www.essentialnutrition.com.mx\/wp-content\/uploads\/2026\/02\/pexels-karola-g-5207366-2-768x1152.jpg 768w, https:\/\/www.essentialnutrition.com.mx\/wp-content\/uploads\/2026\/02\/pexels-karola-g-5207366-2-1024x1536.jpg 1024w, https:\/\/www.essentialnutrition.com.mx\/wp-content\/uploads\/2026\/02\/pexels-karola-g-5207366-2-1365x2048.jpg 1365w, https:\/\/www.essentialnutrition.com.mx\/wp-content\/uploads\/2026\/02\/pexels-karola-g-5207366-2-1200x1800.jpg 1200w, https:\/\/www.essentialnutrition.com.mx\/wp-content\/uploads\/2026\/02\/pexels-karola-g-5207366-2-scaled.jpg 1707w\" sizes=\"auto, (max-width: 709px) 85vw, (max-width: 909px) 67vw, (max-width: 984px) 61vw, (max-width: 1362px) 45vw, 600px\" \/><\/figure><div class=\"wp-block-media-text__content\">\n<p>Pero no te asustes, es m\u00e1s com\u00fan de lo que imaginas y puede ser gestionada de maneras saludables. Qu\u00e9date para que conozcas de qu\u00e9 manera puedes aprender a gestionar la niebla mental.<\/p>\n\n\n\n<p>La niebla mental es m\u00e1s com\u00fan de lo que imaginas; su nombre refleja la idea de que la mente est\u00e9 \u201cnublada\u201d, pero aunque se siente as\u00ed, sus s\u00edntomas reflejan cierto grado de deterioro cognitivo.<\/p>\n<\/div><\/div>\n\n\n\n<p>Las personas que experimentan niebla mental suelen tener los siguientes s\u00edntomas (aunque estos pueden variar dependiendo de la persona):<\/p>\n\n\n\n<ul class=\"wp-block-list\">\n<li>Dificultad para concentrarse<\/li>\n\n\n\n<li>Problemas para prestar atenci\u00f3n<\/li>\n\n\n\n<li>Fatiga<\/li>\n\n\n\n<li>Agotamiento mental<\/li>\n\n\n\n<li>Olvido<\/li>\n\n\n\n<li>Confusi\u00f3n<\/li>\n\n\n\n<li>Perder el hilo de los pensamientos<\/li>\n\n\n\n<li>Dificultad para encontrar palabras adecuadas que expresen los pensamientos<\/li>\n\n\n\n<li>Dificultad para procesar pensamientos y reaccionar ante situaciones.<\/li>\n<\/ul>\n\n\n\n<p><strong>Ya sabemos qu\u00e9 es la niebla mental, \u00bfpero qu\u00e9 la causa?<\/strong><\/p>\n\n\n\n<p>La Fundaci\u00f3n Americana del Cerebro confirma que existen diversas razones por las que una persona puede experimentar niebla mental, las m\u00e1s comunes son:<\/p>\n\n\n\n<ul class=\"wp-block-list\">\n<li>Insomnio o sue\u00f1o de mala calidad<\/li>\n\n\n\n<li>Alto estr\u00e9s<\/li>\n\n\n\n<li>Mala nutrici\u00f3n y deshidrataci\u00f3n<\/li>\n\n\n\n<li>Tiempo excesivo frente a pantalla<\/li>\n<\/ul>\n\n\n\n<p>Tambi\u00e9n es importante conocer que existen diversas enfermedades y afecciones que podr\u00edan causar niebla mental como la migra\u00f1a, la menopausia, la diabetes, entre otras.<\/p>\n\n\n\n<h2 class=\"wp-block-heading\"><strong>Peque\u00f1os cambios, grandes resultados.<\/strong><\/h2>\n\n\n\n<p>Aunque la niebla mental y la falta de concentraci\u00f3n no tienen un tratamiento \u00fanico, s\u00ed hay ciertos h\u00e1bitos que puedes mejorar en tu rutina que te proporcionar\u00e1n una mejor\u00eda a largo plazo de tu enfoque mental y calidad de vida.<\/p>\n\n\n\n<figure class=\"wp-block-image size-large is-resized\"><img loading=\"lazy\" decoding=\"async\" width=\"2560\" height=\"1709\" src=\"https:\/\/www.essentialnutrition.com.mx\/wp-content\/uploads\/2026\/02\/pexels-immortelleana-12270997-edited-scaled.jpg\" alt=\"\" class=\"wp-image-168\" style=\"aspect-ratio:1.4979492470341278;width:535px;height:auto\" srcset=\"https:\/\/www.essentialnutrition.com.mx\/wp-content\/uploads\/2026\/02\/pexels-immortelleana-12270997-edited-scaled.jpg 2560w, https:\/\/www.essentialnutrition.com.mx\/wp-content\/uploads\/2026\/02\/pexels-immortelleana-12270997-edited-300x200.jpg 300w, https:\/\/www.essentialnutrition.com.mx\/wp-content\/uploads\/2026\/02\/pexels-immortelleana-12270997-edited-1024x684.jpg 1024w, https:\/\/www.essentialnutrition.com.mx\/wp-content\/uploads\/2026\/02\/pexels-immortelleana-12270997-edited-768x513.jpg 768w, https:\/\/www.essentialnutrition.com.mx\/wp-content\/uploads\/2026\/02\/pexels-immortelleana-12270997-edited-1536x1026.jpg 1536w, https:\/\/www.essentialnutrition.com.mx\/wp-content\/uploads\/2026\/02\/pexels-immortelleana-12270997-edited-2048x1367.jpg 2048w, https:\/\/www.essentialnutrition.com.mx\/wp-content\/uploads\/2026\/02\/pexels-immortelleana-12270997-edited-1200x801.jpg 1200w\" sizes=\"auto, (max-width: 709px) 85vw, (max-width: 909px) 67vw, (max-width: 1362px) 62vw, 840px\" \/><\/figure>\n\n\n\n<h2 class=\"wp-block-heading\"><strong>Nutrici\u00f3n para tu cerebro.<\/strong><\/h2>\n\n\n\n<p>D\u00eda con d\u00eda, <strong>a trav\u00e9s de nuestra alimentaci\u00f3n, le suministramos al cerebro diversas sustancias que pueden debilitarlo o fortalecerlo.<\/strong> De acuerdo con el Instituto de Seguridad y Servicios Sociales de los Trabajadores del Estado (ISSSTE), alimentos altos en ciertas grasas o az\u00facares pueden estar relacionados a un estado de inflamaci\u00f3n de la regi\u00f3n cerebral asociada con la memoria a corto plazo.<\/p>\n\n\n\n<p>En cambio, todo alimento que contiene silicio resulta ben\u00e9fico para nuestro cerebro. Los alimentos que contienen este mineral son: avena, manzanas y pepino. La relaci\u00f3n entre la nutrici\u00f3n y el funcionamiento de nuestro cerebro es muy importante, ya que el no proporcionar los nutrientes necesarios puede generar envejecimiento y alteraciones en los procesos de aprendizaje.<\/p>\n\n\n\n<p>Por su parte, los \u00e1cidos grasos poliinsaturados, como el omega-3 obtenido del pescado y otros frutos secos o del aceite de oliva, son fundamentales para llevar a cabo la plasticidad del cerebro, encargada de establecer nuevas conexiones entre las neuronas que realizan un proceso de intercambio de energ\u00eda. <\/p>\n\n\n\n<div class=\"wp-block-media-text has-media-on-the-right is-stacked-on-mobile\" style=\"grid-template-columns:auto 48%\"><div class=\"wp-block-media-text__content\">\n<p>Otros alimentos fundamentales para la salud de tu cerebro son los c\u00edtricos, los huevos y las legumbres, que proporcionan vitaminas necesarias para la construcci\u00f3n de c\u00e9lulas nuevas, adem\u00e1s de que las vitaminas oxigenan el cerebro.<\/p>\n<\/div><figure class=\"wp-block-media-text__media\"><img loading=\"lazy\" decoding=\"async\" width=\"1024\" height=\"683\" src=\"https:\/\/www.essentialnutrition.com.mx\/wp-content\/uploads\/2026\/02\/pexels-foodie-factor-162291-566566-1024x683.jpg\" alt=\"\" class=\"wp-image-171 size-full\" srcset=\"https:\/\/www.essentialnutrition.com.mx\/wp-content\/uploads\/2026\/02\/pexels-foodie-factor-162291-566566-1024x683.jpg 1024w, https:\/\/www.essentialnutrition.com.mx\/wp-content\/uploads\/2026\/02\/pexels-foodie-factor-162291-566566-300x200.jpg 300w, https:\/\/www.essentialnutrition.com.mx\/wp-content\/uploads\/2026\/02\/pexels-foodie-factor-162291-566566-768x512.jpg 768w, https:\/\/www.essentialnutrition.com.mx\/wp-content\/uploads\/2026\/02\/pexels-foodie-factor-162291-566566-1536x1024.jpg 1536w, https:\/\/www.essentialnutrition.com.mx\/wp-content\/uploads\/2026\/02\/pexels-foodie-factor-162291-566566-2048x1366.jpg 2048w, https:\/\/www.essentialnutrition.com.mx\/wp-content\/uploads\/2026\/02\/pexels-foodie-factor-162291-566566-1200x800.jpg 1200w\" sizes=\"auto, (max-width: 709px) 85vw, (max-width: 909px) 67vw, (max-width: 1362px) 62vw, 840px\" \/><\/figure><\/div>\n\n\n\n<p><\/p>\n\n\n\n<div class=\"wp-block-media-text is-stacked-on-mobile\"><figure class=\"wp-block-media-text__media\"><img loading=\"lazy\" decoding=\"async\" width=\"1024\" height=\"683\" src=\"https:\/\/www.essentialnutrition.com.mx\/wp-content\/uploads\/2026\/02\/pexels-pixabay-208518-1024x683.jpg\" alt=\"\" class=\"wp-image-169 size-full\" srcset=\"https:\/\/www.essentialnutrition.com.mx\/wp-content\/uploads\/2026\/02\/pexels-pixabay-208518-1024x683.jpg 1024w, https:\/\/www.essentialnutrition.com.mx\/wp-content\/uploads\/2026\/02\/pexels-pixabay-208518-300x200.jpg 300w, https:\/\/www.essentialnutrition.com.mx\/wp-content\/uploads\/2026\/02\/pexels-pixabay-208518-768x512.jpg 768w, https:\/\/www.essentialnutrition.com.mx\/wp-content\/uploads\/2026\/02\/pexels-pixabay-208518-1536x1024.jpg 1536w, https:\/\/www.essentialnutrition.com.mx\/wp-content\/uploads\/2026\/02\/pexels-pixabay-208518-2048x1365.jpg 2048w, https:\/\/www.essentialnutrition.com.mx\/wp-content\/uploads\/2026\/02\/pexels-pixabay-208518-1200x800.jpg 1200w\" sizes=\"auto, (max-width: 709px) 85vw, (max-width: 909px) 67vw, (max-width: 1362px) 62vw, 840px\" \/><\/figure><div class=\"wp-block-media-text__content\">\n<p>Y no te preocupes si en tu alimentaci\u00f3n no logras integrar cada uno de estos nutrientes, <strong>la suplementaci\u00f3n tambi\u00e9n es una buena opci\u00f3n para complementar una nutrici\u00f3n balanceada <\/strong>que ayude a fortalecer la salud de tu cerebro; consulta con un profesional de la salud qu\u00e9 suplementos son ideales para tus objetivos.<\/p>\n<\/div><\/div>\n\n\n\n<p><\/p>\n\n\n\n<h2 class=\"wp-block-heading\"><strong>Tu mente, tu mejor aliada para marzo<\/strong><\/h2>\n\n\n\n<p>Despejar la niebla mental no sucede de la noche a la ma\u00f1ana; es el resultado de esos peque\u00f1os ajustes que decides integrar en tu d\u00eda a d\u00eda. Ya sea eligiendo mejores nutrientes, estableciendo l\u00edmites con tus dispositivos o simplemente d\u00e1ndote el permiso de pausar y respirar, cada acci\u00f3n cuenta para recuperar tu claridad. Al cerrar este mes de febrero, el objetivo es que estos h\u00e1bitos se conviertan en la base para recibir la primavera con vitalidad y un enfoque renovado<\/p>\n\n\n\n<h2 class=\"wp-block-heading\"><strong>\u00a1Estamos listos para iniciar marzo con un bienestar integral!<\/strong><\/h2>\n\n\n\n<p><\/p>\n\n\n\n<p><strong>Bibliograf\u00eda<\/strong><\/p>\n\n\n\n<p>American Brain Fundation. (2025, 4 noviembre). <em>Niebla mental<\/em>. AMERICAN BRAIN FUNDATION. https:\/\/www.americanbrainfoundation.org\/what-is-brain-fog\/<\/p>\n\n\n\n<p><em>Challenge validation<\/em>. (s.&nbsp;f.). https:\/\/www.gob.mx\/issste\/articulos\/la-nutricion-y-el-cerebro?idiom=es<\/p>\n\n\n\n<p><\/p>\n","protected":false},"excerpt":{"rendered":"<p>Por Brenda O. Nos encontramos a unos d\u00edas de terminar febrero, el mes del amor y la amistad, pero m\u00e1s all\u00e1 de el amor rom\u00e1ntico es buen momento para recordar el amor propio y preparar nuestra mente para la transici\u00f3n a marzo. Un mes que nos recibe con la primavera, oportunidades y nuevos comienzos. Recordemos &hellip; <a href=\"https:\/\/www.essentialnutrition.com.mx\/?p=160\" class=\"more-link\">Continue reading<span class=\"screen-reader-text\"> &#8220;M\u00e1s all\u00e1 de febrero: Por qu\u00e9 cuidar tu enfoque mental es el mayor acto de amor propio.&#8221;<\/span><\/a><\/p>\n","protected":false},"author":1,"featured_media":0,"comment_status":"closed","ping_status":"open","sticky":false,"template":"","format":"standard","meta":{"footnotes":""},"categories":[1],"tags":[],"class_list":["post-160","post","type-post","status-publish","format-standard","hentry","category-uncategorized"],"_links":{"self":[{"href":"https:\/\/www.essentialnutrition.com.mx\/index.php?rest_route=\/wp\/v2\/posts\/160","targetHints":{"allow":["GET"]}}],"collection":[{"href":"https:\/\/www.essentialnutrition.com.mx\/index.php?rest_route=\/wp\/v2\/posts"}],"about":[{"href":"https:\/\/www.essentialnutrition.com.mx\/index.php?rest_route=\/wp\/v2\/types\/post"}],"author":[{"embeddable":true,"href":"https:\/\/www.essentialnutrition.com.mx\/index.php?rest_route=\/wp\/v2\/users\/1"}],"replies":[{"embeddable":true,"href":"https:\/\/www.essentialnutrition.com.mx\/index.php?rest_route=%2Fwp%2Fv2%2Fcomments&post=160"}],"version-history":[{"count":2,"href":"https:\/\/www.essentialnutrition.com.mx\/index.php?rest_route=\/wp\/v2\/posts\/160\/revisions"}],"predecessor-version":[{"id":173,"href":"https:\/\/www.essentialnutrition.com.mx\/index.php?rest_route=\/wp\/v2\/posts\/160\/revisions\/173"}],"wp:attachment":[{"href":"https:\/\/www.essentialnutrition.com.mx\/index.php?rest_route=%2Fwp%2Fv2%2Fmedia&parent=160"}],"wp:term":[{"taxonomy":"category","embeddable":true,"href":"https:\/\/www.essentialnutrition.com.mx\/index.php?rest_route=%2Fwp%2Fv2%2Fcategories&post=160"},{"taxonomy":"post_tag","embeddable":true,"href":"https:\/\/www.essentialnutrition.com.mx\/index.php?rest_route=%2Fwp%2Fv2%2Ftags&post=160"}],"curies":[{"name":"wp","href":"https:\/\/api.w.org\/{rel}","templated":true}]}}